{"id":10157,"date":"2025-10-29T15:19:14","date_gmt":"2025-10-29T14:19:14","guid":{"rendered":"https:\/\/www.federvolleyvarese.it\/?p=10157"},"modified":"2025-10-29T15:39:53","modified_gmt":"2025-10-29T14:39:53","slug":"programma-qualificazione-tecnica-atleti-nati-nellanno-2011-2012-stagione-2025-2026","status":"publish","type":"post","link":"https:\/\/www.federvolleyvarese.it\/?p=10157","title":{"rendered":"Programma qualificazione tecnica atleti nati nell\u2019anno 2011-2012- Stagione 2025-2026"},"content":{"rendered":"<p style=\"text-align: center;\"><strong>Programma qualificazione tecnica atleti nati nell\u2019anno 2011-2012- Stagione 2025-2026<\/strong><\/p>\n<p>Il C.Q.P. rende noto che ha inizio il processo selettivo maschile volto alla formazione della squadra che rappresenter\u00e0 il comitato di Varese al trofeo dei territori 2025\/26.<br \/>\nI selezionatori saranno il sig. Stefano Rossi e il sig. Andrea Turani.<br \/>\nLa prima convocazione che si terr\u00e0 luned\u00ec 24 novembre 2025 terr\u00e0 conto degli atleti segnalati dalle societ\u00e0.<br \/>\nVi invitiamo quindi a indicare i nominativi degli atleti che abbiano le caratteristiche fisico antropometriche o qualit\u00e0 tecnico-coordinative di interesse per la rappresentativa.<br \/>\nSar\u00e0 cura del responsabile tecnico o di eventuali delegati visionare i giocatori segnalati e valutarne la convocazione ai raduni selettivi.<br \/>\nIl C.Q.P. sicuro della collaborazione che da sempre ha contraddistinto questa attivit\u00e0, ringrazia per la disponibilit\u00e0.<\/p>\n<p><a href=\"https:\/\/federvolleyvarese.it\/Archivio\/Documenti\/Selezioni\/TABELLA SEGNALAZIONE ATLETI 25-26.docx\" target=\"_blank\" rel=\"noopener\" data-wplink-url-error=\"true\">Modulo segnalazioni atleti<\/a><\/p>\n<p><strong>Inviare entro venerd\u00ec 14 novembre<\/strong><\/p>\n","protected":false},"excerpt":{"rendered":"<p>Programma qualificazione tecnica atleti nati nell\u2019anno 2011-2012- Stagione 2025-2026 Il C.Q.P. rende noto che ha inizio il processo selettivo maschile volto alla formazione della squadra che rappresenter\u00e0 il comitato di Varese al trofeo dei territori 2025\/26. I selezionatori saranno il sig. Stefano Rossi e il sig. Andrea Turani. La prima convocazione che si terr\u00e0 luned\u00ec [&hellip;]<\/p>\n","protected":false},"author":1,"featured_media":10158,"comment_status":"closed","ping_status":"closed","sticky":false,"template":"","format":"standard","meta":{"footnotes":""},"categories":[3,48,51],"tags":[],"class_list":["post-10157","post","type-post","status-publish","format-standard","has-post-thumbnail","hentry","category-news","category-qualificazioni","category-selezioni-maschili-indoor"],"_links":{"self":[{"href":"https:\/\/www.federvolleyvarese.it\/index.php?rest_route=\/wp\/v2\/posts\/10157","targetHints":{"allow":["GET"]}}],"collection":[{"href":"https:\/\/www.federvolleyvarese.it\/index.php?rest_route=\/wp\/v2\/posts"}],"about":[{"href":"https:\/\/www.federvolleyvarese.it\/index.php?rest_route=\/wp\/v2\/types\/post"}],"author":[{"embeddable":true,"href":"https:\/\/www.federvolleyvarese.it\/index.php?rest_route=\/wp\/v2\/users\/1"}],"replies":[{"embeddable":true,"href":"https:\/\/www.federvolleyvarese.it\/index.php?rest_route=%2Fwp%2Fv2%2Fcomments&post=10157"}],"version-history":[{"count":3,"href":"https:\/\/www.federvolleyvarese.it\/index.php?rest_route=\/wp\/v2\/posts\/10157\/revisions"}],"predecessor-version":[{"id":10174,"href":"https:\/\/www.federvolleyvarese.it\/index.php?rest_route=\/wp\/v2\/posts\/10157\/revisions\/10174"}],"wp:featuredmedia":[{"embeddable":true,"href":"https:\/\/www.federvolleyvarese.it\/index.php?rest_route=\/wp\/v2\/media\/10158"}],"wp:attachment":[{"href":"https:\/\/www.federvolleyvarese.it\/index.php?rest_route=%2Fwp%2Fv2%2Fmedia&parent=10157"}],"wp:term":[{"taxonomy":"category","embeddable":true,"href":"https:\/\/www.federvolleyvarese.it\/index.php?rest_route=%2Fwp%2Fv2%2Fcategories&post=10157"},{"taxonomy":"post_tag","embeddable":true,"href":"https:\/\/www.federvolleyvarese.it\/index.php?rest_route=%2Fwp%2Fv2%2Ftags&post=10157"}],"curies":[{"name":"wp","href":"https:\/\/api.w.org\/{rel}","templated":true}]}}