{"id":10164,"date":"2025-10-29T15:29:16","date_gmt":"2025-10-29T14:29:16","guid":{"rendered":"https:\/\/www.federvolleyvarese.it\/?p=10164"},"modified":"2025-10-29T15:29:16","modified_gmt":"2025-10-29T14:29:16","slug":"programma-qualificazione-tecnica-atlete-nate-nellanno-2012-2013-stagione-2025-2026","status":"publish","type":"post","link":"https:\/\/www.federvolleyvarese.it\/?p=10164","title":{"rendered":"Programma qualificazione tecnica atlete nate nell\u2019anno 2012-2013-Stagione 2025-2026"},"content":{"rendered":"<p style=\"text-align: center;\"><strong>Programma qualificazione tecnica atlete nate nell\u2019anno 2012-2013-Stagione 2025-2026<\/strong><\/p>\n<p>&nbsp;<\/p>\n<p>Il C.Q.P. rende noto che ha inizio il processo selettivo femminile volto alla formazione della squadra che rappresenter\u00e0 il comitato di Varese al trofeo dei territori per la stagione 2025\/2026.<br \/>\nIl selezionatore sar\u00e0 il sig. Luciano Lisanti coadiuvato dal sig. Matteo Casoli.<br \/>\nLa prima convocazione che si terr\u00e0 a novembre 2025 terr\u00e0 conto delle atlete segnalate dalle societ\u00e0.<br \/>\nVi invitiamo quindi a indicare i nominativi delle atlete che abbiano le caratteristiche fisicoantropometriche o qualit\u00e0 tecnico-coordinative di interesse per la rappresentativa.<br \/>\nSar\u00e0 cura del responsabile tecnico o di eventuali delegati visionare le giocatrici segnalate e valutarne la convocazione ai raduni selettivi.<br \/>\nE\u2019 possibile indicare anche atlete pi\u00f9 giovani, particolarmente precoci o dotate.<br \/>\nIl C.Q.P. sicuro della collaborazione che da sempre ha contraddistinto questa attivit\u00e0, ringrazia per la disponibilit\u00e0.<\/p>\n<p><a href=\"https:\/\/federvolleyvarese.it\/Archivio\/Documenti\/TABELLA SEGNALAZIONE ATLETE 25-26.docxSelezioni\/\" target=\"_blank\" rel=\"noopener\">Modulo segnalazione atlete<\/a><\/p>\n<p><strong>Inviare entro mercoled\u00ec 5 novembre 2025<\/strong><\/p>\n","protected":false},"excerpt":{"rendered":"<p>Programma qualificazione tecnica atlete nate nell\u2019anno 2012-2013-Stagione 2025-2026 &nbsp; Il C.Q.P. rende noto che ha inizio il processo selettivo femminile volto alla formazione della squadra che rappresenter\u00e0 il comitato di Varese al trofeo dei territori per la stagione 2025\/2026. Il selezionatore sar\u00e0 il sig. Luciano Lisanti coadiuvato dal sig. Matteo Casoli. La prima convocazione che [&hellip;]<\/p>\n","protected":false},"author":1,"featured_media":10165,"comment_status":"closed","ping_status":"closed","sticky":false,"template":"","format":"standard","meta":{"footnotes":""},"categories":[3,48,50],"tags":[],"class_list":["post-10164","post","type-post","status-publish","format-standard","has-post-thumbnail","hentry","category-news","category-qualificazioni","category-selezioni-femminili-indoor"],"_links":{"self":[{"href":"https:\/\/www.federvolleyvarese.it\/index.php?rest_route=\/wp\/v2\/posts\/10164","targetHints":{"allow":["GET"]}}],"collection":[{"href":"https:\/\/www.federvolleyvarese.it\/index.php?rest_route=\/wp\/v2\/posts"}],"about":[{"href":"https:\/\/www.federvolleyvarese.it\/index.php?rest_route=\/wp\/v2\/types\/post"}],"author":[{"embeddable":true,"href":"https:\/\/www.federvolleyvarese.it\/index.php?rest_route=\/wp\/v2\/users\/1"}],"replies":[{"embeddable":true,"href":"https:\/\/www.federvolleyvarese.it\/index.php?rest_route=%2Fwp%2Fv2%2Fcomments&post=10164"}],"version-history":[{"count":1,"href":"https:\/\/www.federvolleyvarese.it\/index.php?rest_route=\/wp\/v2\/posts\/10164\/revisions"}],"predecessor-version":[{"id":10166,"href":"https:\/\/www.federvolleyvarese.it\/index.php?rest_route=\/wp\/v2\/posts\/10164\/revisions\/10166"}],"wp:featuredmedia":[{"embeddable":true,"href":"https:\/\/www.federvolleyvarese.it\/index.php?rest_route=\/wp\/v2\/media\/10165"}],"wp:attachment":[{"href":"https:\/\/www.federvolleyvarese.it\/index.php?rest_route=%2Fwp%2Fv2%2Fmedia&parent=10164"}],"wp:term":[{"taxonomy":"category","embeddable":true,"href":"https:\/\/www.federvolleyvarese.it\/index.php?rest_route=%2Fwp%2Fv2%2Fcategories&post=10164"},{"taxonomy":"post_tag","embeddable":true,"href":"https:\/\/www.federvolleyvarese.it\/index.php?rest_route=%2Fwp%2Fv2%2Ftags&post=10164"}],"curies":[{"name":"wp","href":"https:\/\/api.w.org\/{rel}","templated":true}]}}