{"id":10183,"date":"2025-11-07T18:58:48","date_gmt":"2025-11-07T17:58:48","guid":{"rendered":"https:\/\/www.federvolleyvarese.it\/?p=10183"},"modified":"2025-11-07T19:02:44","modified_gmt":"2025-11-07T18:02:44","slug":"selezioni-territoriali-femminili-stagione-2025-2026","status":"publish","type":"post","link":"https:\/\/www.federvolleyvarese.it\/?p=10183","title":{"rendered":"Selezioni Territoriali Femminili stagione 2025-2026"},"content":{"rendered":"<p style=\"text-align: center;\"><strong>Selezioni Territoriali Femminili stagione 2025-2026<\/strong><\/p>\n<p>Luned\u00ec 10 e 17 novembre si terr\u00e0 il primo allenamento, delle atlete 2012 e 2013, segnalate dalle Societ\u00e0 in vista del programma selettivo per la stagione 2025-2026.<\/p>\n<p>Le ragazze sono state divise in due gruppi.<\/p>\n<p>Gli allenatori come per le passate stagioni saranno Luciano Lisanti e Matteo Casoli, referente responsabile del Comitato la consigliera Daniela Carturan.<\/p>\n<p>La seduta di allenamento si svolgeranno presso la palestra ISIS di Gazzada Schianno in Via per Morazzone 37 , dalle 19.00 alle 21.00<\/p>\n<p><a href=\"https:\/\/federvolleyvarese.it\/Archivio\/Documenti\/Selezioni\/elenco convocate 10 novembre 25.pdf\" target=\"_blank\" rel=\"noopener\" data-wplink-url-error=\"true\">elenco atlete convocate per 1i 10 novembre<\/a><\/p>\n<p><a href=\"https:\/\/federvolleyvarese.it\/Archivio\/Documenti\/Selezioni\/elenco convocate 17 novembre 25.pdf\" target=\"_blank\" rel=\"noopener\" data-wplink-url-error=\"true\">elenco atlete convocate per il 17 novembre<\/a><\/p>\n\n\n\n","protected":false},"excerpt":{"rendered":"<p>Selezioni Territoriali Femminili stagione 2025-2026 Luned\u00ec 10 e 17 novembre si terr\u00e0 il primo allenamento, delle atlete 2012 e 2013, segnalate dalle Societ\u00e0 in vista del programma selettivo per la stagione 2025-2026. Le ragazze sono state divise in due gruppi. Gli allenatori come per le passate stagioni saranno Luciano Lisanti e Matteo Casoli, referente responsabile [&hellip;]<\/p>\n","protected":false},"author":1,"featured_media":10184,"comment_status":"closed","ping_status":"closed","sticky":false,"template":"","format":"standard","meta":{"footnotes":""},"categories":[3,48,50],"tags":[],"class_list":["post-10183","post","type-post","status-publish","format-standard","has-post-thumbnail","hentry","category-news","category-qualificazioni","category-selezioni-femminili-indoor"],"_links":{"self":[{"href":"https:\/\/www.federvolleyvarese.it\/index.php?rest_route=\/wp\/v2\/posts\/10183","targetHints":{"allow":["GET"]}}],"collection":[{"href":"https:\/\/www.federvolleyvarese.it\/index.php?rest_route=\/wp\/v2\/posts"}],"about":[{"href":"https:\/\/www.federvolleyvarese.it\/index.php?rest_route=\/wp\/v2\/types\/post"}],"author":[{"embeddable":true,"href":"https:\/\/www.federvolleyvarese.it\/index.php?rest_route=\/wp\/v2\/users\/1"}],"replies":[{"embeddable":true,"href":"https:\/\/www.federvolleyvarese.it\/index.php?rest_route=%2Fwp%2Fv2%2Fcomments&post=10183"}],"version-history":[{"count":3,"href":"https:\/\/www.federvolleyvarese.it\/index.php?rest_route=\/wp\/v2\/posts\/10183\/revisions"}],"predecessor-version":[{"id":10189,"href":"https:\/\/www.federvolleyvarese.it\/index.php?rest_route=\/wp\/v2\/posts\/10183\/revisions\/10189"}],"wp:featuredmedia":[{"embeddable":true,"href":"https:\/\/www.federvolleyvarese.it\/index.php?rest_route=\/wp\/v2\/media\/10184"}],"wp:attachment":[{"href":"https:\/\/www.federvolleyvarese.it\/index.php?rest_route=%2Fwp%2Fv2%2Fmedia&parent=10183"}],"wp:term":[{"taxonomy":"category","embeddable":true,"href":"https:\/\/www.federvolleyvarese.it\/index.php?rest_route=%2Fwp%2Fv2%2Fcategories&post=10183"},{"taxonomy":"post_tag","embeddable":true,"href":"https:\/\/www.federvolleyvarese.it\/index.php?rest_route=%2Fwp%2Fv2%2Ftags&post=10183"}],"curies":[{"name":"wp","href":"https:\/\/api.w.org\/{rel}","templated":true}]}}