{"id":4381,"date":"2020-03-02T16:11:33","date_gmt":"2020-03-02T15:11:33","guid":{"rendered":"http:\/\/www.federvolleyvarese.it\/?p=4381"},"modified":"2020-03-02T16:11:33","modified_gmt":"2020-03-02T15:11:33","slug":"sospensione-gare-campionati-territoriali-varese-fino-a-domenica-8-marzo","status":"publish","type":"post","link":"https:\/\/www.federvolleyvarese.it\/?p=4381","title":{"rendered":"Sospensione gare campionati Territoriali Varese fino a domenica 8 marzo"},"content":{"rendered":"<p>Varese, 02\/03\/2020<\/p>\n<p>Visto il DPCM del 01\/03\/2020 che proroga la sospensione delle attivit\u00e0 scolastiche e considerate le difficolt\u00e0 della maggior parte delle societ\u00e0 nell&#8217;utilizzo delle palestre scolastiche, i Comitati Territoriali delle Lombardia, in accordo con il Comitato Regionale FIPAV Lombardia, decretano la sospensione delle gare territoriali fino all\u20198 Marzo compreso.<\/p>\n<p style=\"text-align: center;\">Sar\u00e0 cura del Comitato Territoriale di Varese emanare nei prossimi giorni le disposizioni per la ripresa delle gare, tenendo conto delle oggettive difficolt\u00e0 riscontrate sul nostro territorio. Per quanto riguarda i Campionati Giovanili il Comitato Territoriale, si riserva di modificare, in accordo con il Comitato Regionale, la tempistica e le modalit\u00e0 di svolgimento delle fasi Territoriali. Per questo motivo la pubblicazione della Circolare di Indizione delle Fasi Regionali Giovanili viene procrastinata.<br \/>\nComitato Territoriale Varese<br \/>\nAlberto Bonomi<br \/>\n(Presidente)<\/p>\n","protected":false},"excerpt":{"rendered":"<p>Varese, 02\/03\/2020 Visto il DPCM del 01\/03\/2020 che proroga la sospensione delle attivit\u00e0 scolastiche e considerate le difficolt\u00e0 della maggior parte delle societ\u00e0 nell&#8217;utilizzo delle palestre scolastiche, i Comitati Territoriali delle Lombardia, in accordo con il Comitato Regionale FIPAV Lombardia, decretano la sospensione delle gare territoriali fino all\u20198 Marzo compreso. Sar\u00e0 cura del Comitato Territoriale [&hellip;]<\/p>\n","protected":false},"author":1,"featured_media":246,"comment_status":"closed","ping_status":"closed","sticky":false,"template":"","format":"standard","meta":{"footnotes":""},"categories":[4,7,3,8],"tags":[],"class_list":["post-4381","post","type-post","status-publish","format-standard","has-post-thumbnail","hentry","category-comunicati","category-comunicazioni","category-news","category-sliderhome"],"_links":{"self":[{"href":"https:\/\/www.federvolleyvarese.it\/index.php?rest_route=\/wp\/v2\/posts\/4381","targetHints":{"allow":["GET"]}}],"collection":[{"href":"https:\/\/www.federvolleyvarese.it\/index.php?rest_route=\/wp\/v2\/posts"}],"about":[{"href":"https:\/\/www.federvolleyvarese.it\/index.php?rest_route=\/wp\/v2\/types\/post"}],"author":[{"embeddable":true,"href":"https:\/\/www.federvolleyvarese.it\/index.php?rest_route=\/wp\/v2\/users\/1"}],"replies":[{"embeddable":true,"href":"https:\/\/www.federvolleyvarese.it\/index.php?rest_route=%2Fwp%2Fv2%2Fcomments&post=4381"}],"version-history":[{"count":1,"href":"https:\/\/www.federvolleyvarese.it\/index.php?rest_route=\/wp\/v2\/posts\/4381\/revisions"}],"predecessor-version":[{"id":4382,"href":"https:\/\/www.federvolleyvarese.it\/index.php?rest_route=\/wp\/v2\/posts\/4381\/revisions\/4382"}],"wp:featuredmedia":[{"embeddable":true,"href":"https:\/\/www.federvolleyvarese.it\/index.php?rest_route=\/wp\/v2\/media\/246"}],"wp:attachment":[{"href":"https:\/\/www.federvolleyvarese.it\/index.php?rest_route=%2Fwp%2Fv2%2Fmedia&parent=4381"}],"wp:term":[{"taxonomy":"category","embeddable":true,"href":"https:\/\/www.federvolleyvarese.it\/index.php?rest_route=%2Fwp%2Fv2%2Fcategories&post=4381"},{"taxonomy":"post_tag","embeddable":true,"href":"https:\/\/www.federvolleyvarese.it\/index.php?rest_route=%2Fwp%2Fv2%2Ftags&post=4381"}],"curies":[{"name":"wp","href":"https:\/\/api.w.org\/{rel}","templated":true}]}}