{"id":4384,"date":"2020-03-06T16:44:53","date_gmt":"2020-03-06T15:44:53","guid":{"rendered":"http:\/\/www.federvolleyvarese.it\/?p=4384"},"modified":"2020-03-06T16:44:53","modified_gmt":"2020-03-06T15:44:53","slug":"sospensione-di-tutte-le-attivita-fino-a-domenica-15-marzo","status":"publish","type":"post","link":"https:\/\/www.federvolleyvarese.it\/?p=4384","title":{"rendered":"Sospensione di tutte le attivit\u00e0 fino a domenica 15 marzo"},"content":{"rendered":"<p>La Federazione Italiana Pallavolo, in riferimento alla situazione dell\u2019infezione da CORONAVIRUS, nel prendere atto del <a href=\"http:\/\/federvolleyvarese.it\/Archivio\/Documenti\/decreto ministro 4 marzo.pdf\" target=\"_blank\" rel=\"noopener noreferrer\">Decreto del Presidente del Consiglio dei Ministri<\/a> emanato in data 04\/03\/2020 che determina, tra le altre, la chiusura di scuole e universit\u00e0 in tutta Italia fino al 15 marzo, ha stabilito di volersi adeguare a tale normativa data la stretta correlazione tra la propria attivit\u00e0 e le strutture scolastiche nazionali.<\/p>\n<p>&nbsp;<\/p>\n<p>Ci\u00f2 significa che fino al 15 marzo \u00e8 sospesa l\u2019attivit\u00e0 sportiva dei campionati di serie B nazionale, regionali e territoriali. Allo stesso modo sono sospese le iniziative di formazione e qualificazione programmate per lo stesso periodo.<\/p>\n<p>&nbsp;<\/p>\n<p>La FIPAV rende noto che tale decisione si \u00e8 resa necessaria in continuit\u00e0 con il senso di responsabilit\u00e0 che deve necessariamente essere alla base di ogni azione intrapresa in queste ore e che l\u2019unico obiettivo \u00e8 quello di garantire la tutela dei propri tesserati.<\/p>\n<p>&nbsp;<\/p>\n<p>Si prega cortesemente di fare particolare attenzione all\u2019art. 1 lettera c)<\/p>\n<p>\u201csono sospesi altres\u00ec gli eventi e le competizioni sportive di ogni ordine e disciplina, svolti in ogni luogo, sia pubblico sia privato; resta comunque consentito, nei comuni diversi da quelli di cui all&#8217;allegato 1 al decreto del Presidente del Consiglio dei ministri\u00a0 1\u00b0 marzo 2020, e successive modificazioni, lo svolgimento dei predetti eventi e competizioni, nonch\u00e9 delle sedute di allenamento degli atleti agonisti, all&#8217;interno di impianti sportivi utilizzati a porte chiuse, ovvero all&#8217;aperto senza la presenza di pubblico; in tutti tali casi, le associazioni e le societ\u00e0 sportive, a mezzo del proprio personale medico, sono tenute ad effettuare i controlli idonei a contenere il rischio di diffusione del virus COVID-19 tra gli atleti, i tecnici, i dirigenti e tutti gli accompagnatori che vi partecipano.<\/p>\n<p>&nbsp;<\/p>\n<p><a href=\"http:\/\/federvolleyvarese.it\/Archivio\/Documenti\/TAVOLA VADEMECUM.PDF\" target=\"_blank\" rel=\"noopener noreferrer\"> vademecum<\/a> sui principali comportamenti preventivi rispetto all&#8217;infezione da CORONAVIRUS.<\/p>\n<p>&nbsp;<\/p>\n","protected":false},"excerpt":{"rendered":"<p>La Federazione Italiana Pallavolo, in riferimento alla situazione dell\u2019infezione da CORONAVIRUS, nel prendere atto del Decreto del Presidente del Consiglio dei Ministri emanato in data 04\/03\/2020 che determina, tra le altre, la chiusura di scuole e universit\u00e0 in tutta Italia fino al 15 marzo, ha stabilito di volersi adeguare a tale normativa data la stretta [&hellip;]<\/p>\n","protected":false},"author":1,"featured_media":246,"comment_status":"closed","ping_status":"closed","sticky":false,"template":"","format":"standard","meta":{"footnotes":""},"categories":[4,7,3,8],"tags":[],"class_list":["post-4384","post","type-post","status-publish","format-standard","has-post-thumbnail","hentry","category-comunicati","category-comunicazioni","category-news","category-sliderhome"],"_links":{"self":[{"href":"https:\/\/www.federvolleyvarese.it\/index.php?rest_route=\/wp\/v2\/posts\/4384","targetHints":{"allow":["GET"]}}],"collection":[{"href":"https:\/\/www.federvolleyvarese.it\/index.php?rest_route=\/wp\/v2\/posts"}],"about":[{"href":"https:\/\/www.federvolleyvarese.it\/index.php?rest_route=\/wp\/v2\/types\/post"}],"author":[{"embeddable":true,"href":"https:\/\/www.federvolleyvarese.it\/index.php?rest_route=\/wp\/v2\/users\/1"}],"replies":[{"embeddable":true,"href":"https:\/\/www.federvolleyvarese.it\/index.php?rest_route=%2Fwp%2Fv2%2Fcomments&post=4384"}],"version-history":[{"count":1,"href":"https:\/\/www.federvolleyvarese.it\/index.php?rest_route=\/wp\/v2\/posts\/4384\/revisions"}],"predecessor-version":[{"id":4385,"href":"https:\/\/www.federvolleyvarese.it\/index.php?rest_route=\/wp\/v2\/posts\/4384\/revisions\/4385"}],"wp:featuredmedia":[{"embeddable":true,"href":"https:\/\/www.federvolleyvarese.it\/index.php?rest_route=\/wp\/v2\/media\/246"}],"wp:attachment":[{"href":"https:\/\/www.federvolleyvarese.it\/index.php?rest_route=%2Fwp%2Fv2%2Fmedia&parent=4384"}],"wp:term":[{"taxonomy":"category","embeddable":true,"href":"https:\/\/www.federvolleyvarese.it\/index.php?rest_route=%2Fwp%2Fv2%2Fcategories&post=4384"},{"taxonomy":"post_tag","embeddable":true,"href":"https:\/\/www.federvolleyvarese.it\/index.php?rest_route=%2Fwp%2Fv2%2Ftags&post=4384"}],"curies":[{"name":"wp","href":"https:\/\/api.w.org\/{rel}","templated":true}]}}