{"id":4692,"date":"2020-12-05T15:04:00","date_gmt":"2020-12-05T14:04:00","guid":{"rendered":"http:\/\/www.federvolleyvarese.it\/?p=4692"},"modified":"2020-12-05T15:04:25","modified_gmt":"2020-12-05T14:04:25","slug":"nota-federale-del-5-dicembre-2020","status":"publish","type":"post","link":"https:\/\/www.federvolleyvarese.it\/?p=4692","title":{"rendered":"NOTA FEDERALE DEL 5 DICEMBRE 2020"},"content":{"rendered":"<p>La Federazione Italiana Pallavolo, alla luce del DPCM del 3 dicembre che ammette esclusivamente\u00a0<em>\u201c\u2026gli eventi e le competizioni di livello agonistico e riconosciuti di preminente interesse nazionale \u2026\u201d<\/em>\u00a0(lettera E), ha stabilito che\u00a0<u><strong>da questo momento e fino al 15 gennaio potranno continuare esclusivamente le attivit\u00e0 riguardanti i campionati nazionali di serie A &#8211; la cui organizzazione rimane di competenza delle Leghe \u2013 e i campionati di serie B<\/strong><\/u>\u00a0che come noto cominceranno il week end del 23 e 24 gennaio.<\/p>\n<p>Proprio in virt\u00f9 di questo\u00a0<u><strong>\u00e8 ammessa<\/strong><\/u>\u00a0di conseguenza\u00a0<u><strong>l\u2019attivit\u00e0 di allenamento propedeutica alla partenza della serie B<\/strong><\/u>.<\/p>\n<p><u><strong>La serie C e tutti i campionati giovanili, compresa qualsiasi forma di allenamento ad esse collegate, sono sospesi.<\/strong><\/u><\/p>\n<p>Per quanto riguarda il beach volley \u00e8 ammessa l\u2019attivit\u00e0 legata al campionato italiano per societ\u00e0 che si terr\u00e0 a gennaio.<\/p>\n<p>La Federazione Italiana Pallavolo ha dovuto adottare con estremo rammarico questa ulteriore decisione resasi necessaria in considerazione della situazione contingente del Paese. Allo stesso modo la FIPAV, confidando nel senso di responsabilit\u00e0 dei propri tesserati e degli addetti ai lavori, tiene a ribadire, ancora una volta, che resta di fondamentale importanza l\u2019adottare comportamenti di buon senso sempre nel rispetto delle prioritarie esigenze di tutela della salute connesse al rischio di diffusione da Covid-19; cos\u00ec come \u00e8 di primaria importanza la tutela dei rappresentanti legali delle societ\u00e0.<\/p>\n<p>Tutta la documentazione, come di consueto, \u00e8 disponibile nella sezione Covid-19 della Guida Pratica. Nella home della stessa \u00e8 presente anche un aggiornamento delle FAQ<\/p>\n<ul>\n<li><strong>Guida Pratica<\/strong>\u00a0<a href=\"https:\/\/guidapratica.federvolley.it\/\" target=\"_blank\" rel=\"noopener noreferrer\">https:\/\/guidapratica.federvolley.it\/<\/a><\/li>\n<li><strong>Guida Pratica- sezione Covid-19:\u00a0<\/strong><a href=\"https:\/\/guidapratica.federvolley.it\/covid-19\" target=\"_blank\" rel=\"noopener noreferrer\">https:\/\/guidapratica.federvolley.it\/covid-19<\/a><\/li>\n<li><strong>Sito CONI con elenco competizioni riconosciute:\u00a0<\/strong><a href=\"https:\/\/www.coni.it\/it\/speciale-covid-19\" target=\"_blank\" rel=\"noopener noreferrer\">https:\/\/www.coni.it\/it\/speciale-covid-19<\/a><\/li>\n<\/ul>\n","protected":false},"excerpt":{"rendered":"<p>La serie C e tutti i campionati giovanili, compresa qualsiasi forma di allenamento ad esse collegate, sono sospesi.<\/p>\n","protected":false},"author":1,"featured_media":4671,"comment_status":"closed","ping_status":"closed","sticky":false,"template":"","format":"standard","meta":{"footnotes":""},"categories":[4,7,3,8],"tags":[],"class_list":["post-4692","post","type-post","status-publish","format-standard","has-post-thumbnail","hentry","category-comunicati","category-comunicazioni","category-news","category-sliderhome"],"_links":{"self":[{"href":"https:\/\/www.federvolleyvarese.it\/index.php?rest_route=\/wp\/v2\/posts\/4692","targetHints":{"allow":["GET"]}}],"collection":[{"href":"https:\/\/www.federvolleyvarese.it\/index.php?rest_route=\/wp\/v2\/posts"}],"about":[{"href":"https:\/\/www.federvolleyvarese.it\/index.php?rest_route=\/wp\/v2\/types\/post"}],"author":[{"embeddable":true,"href":"https:\/\/www.federvolleyvarese.it\/index.php?rest_route=\/wp\/v2\/users\/1"}],"replies":[{"embeddable":true,"href":"https:\/\/www.federvolleyvarese.it\/index.php?rest_route=%2Fwp%2Fv2%2Fcomments&post=4692"}],"version-history":[{"count":1,"href":"https:\/\/www.federvolleyvarese.it\/index.php?rest_route=\/wp\/v2\/posts\/4692\/revisions"}],"predecessor-version":[{"id":4693,"href":"https:\/\/www.federvolleyvarese.it\/index.php?rest_route=\/wp\/v2\/posts\/4692\/revisions\/4693"}],"wp:featuredmedia":[{"embeddable":true,"href":"https:\/\/www.federvolleyvarese.it\/index.php?rest_route=\/wp\/v2\/media\/4671"}],"wp:attachment":[{"href":"https:\/\/www.federvolleyvarese.it\/index.php?rest_route=%2Fwp%2Fv2%2Fmedia&parent=4692"}],"wp:term":[{"taxonomy":"category","embeddable":true,"href":"https:\/\/www.federvolleyvarese.it\/index.php?rest_route=%2Fwp%2Fv2%2Fcategories&post=4692"},{"taxonomy":"post_tag","embeddable":true,"href":"https:\/\/www.federvolleyvarese.it\/index.php?rest_route=%2Fwp%2Fv2%2Ftags&post=4692"}],"curies":[{"name":"wp","href":"https:\/\/api.w.org\/{rel}","templated":true}]}}