{"id":5614,"date":"2021-02-01T16:43:45","date_gmt":"2021-02-01T15:43:45","guid":{"rendered":"https:\/\/www.federvolleyvarese.it\/?p=5614"},"modified":"2022-02-16T16:45:38","modified_gmt":"2022-02-16T15:45:38","slug":"corso-per-la-qualifica-di-arbitro-associato-3","status":"publish","type":"post","link":"https:\/\/www.federvolleyvarese.it\/?p=5614","title":{"rendered":"Corso per la qualifica di Arbitro Associato"},"content":{"rendered":"<p>Per arbitrare le gare dei campionati giovanili U13-U14 e U15 \u00e8 obbligatorio possedere la qualifica di <strong>ARBITRO ASSOCIATO<\/strong>.<\/p>\n<p>A questo scopo sar\u00e0 organizzato un corso online per formare nuovi dirigenti a questa funzione.<\/p>\n<p>Il corso \u00e8 strutturato in 3 giornate, di cui 2 teoriche e 1 pratica.<\/p>\n<p>Attualmente sar\u00e0 organizzata solo la parte teorica nelle seguenti date:<\/p>\n<p><strong>LUNEDI\u2019 &#8212; FEBBRAIO E MERCOLEDI\u2019 &#8212; FEBBRAIO<\/strong><\/p>\n<p><strong>Dalle ore 20.30 alle ore 22.30 circa<\/strong><\/p>\n<p><strong>Termine di iscrizione: venerd\u00ec &#8212; febbraio 20&#8211;<\/strong><\/p>\n<p><strong>\u00a0<\/strong><\/p>\n<p>La lezione pratica sar\u00e0 organizzata appena la situazione sanitaria lo permetter\u00e0.<\/p>\n<p>Il <a href=\"https:\/\/federvolleyvarese.it\/Archivio\/Arbitri\/Modulo iscrizione arbitro associato.pdf\" target=\"_blank\" rel=\"noopener\">modulo di iscrizione<\/a> dovr\u00e0 essere inviato nuovamente anche da coloro che si erano gi\u00e0 iscritti lo scorso autunno.<\/p>\n<p><strong>L\u2019indirizzo mail \u00e8 indispensabile per il successivo invio del link per partecipare al corso.<\/strong><\/p>\n","protected":false},"excerpt":{"rendered":"<p>Per arbitrare le gare dei campionati giovanili U13-U14 e U15 \u00e8 obbligatorio possedere la qualifica di ARBITRO ASSOCIATO. A questo scopo sar\u00e0 organizzato un corso online per formare nuovi dirigenti a questa funzione. Il corso \u00e8 strutturato in 3 giornate, di cui 2 teoriche e 1 pratica. Attualmente sar\u00e0 organizzata solo la parte teorica nelle [&hellip;]<\/p>\n","protected":false},"author":1,"featured_media":5615,"comment_status":"closed","ping_status":"closed","sticky":false,"template":"","format":"standard","meta":{"footnotes":""},"categories":[61,3],"tags":[],"class_list":["post-5614","post","type-post","status-publish","format-standard","has-post-thumbnail","hentry","category-arbitri-corsi","category-news"],"_links":{"self":[{"href":"https:\/\/www.federvolleyvarese.it\/index.php?rest_route=\/wp\/v2\/posts\/5614","targetHints":{"allow":["GET"]}}],"collection":[{"href":"https:\/\/www.federvolleyvarese.it\/index.php?rest_route=\/wp\/v2\/posts"}],"about":[{"href":"https:\/\/www.federvolleyvarese.it\/index.php?rest_route=\/wp\/v2\/types\/post"}],"author":[{"embeddable":true,"href":"https:\/\/www.federvolleyvarese.it\/index.php?rest_route=\/wp\/v2\/users\/1"}],"replies":[{"embeddable":true,"href":"https:\/\/www.federvolleyvarese.it\/index.php?rest_route=%2Fwp%2Fv2%2Fcomments&post=5614"}],"version-history":[{"count":3,"href":"https:\/\/www.federvolleyvarese.it\/index.php?rest_route=\/wp\/v2\/posts\/5614\/revisions"}],"predecessor-version":[{"id":7027,"href":"https:\/\/www.federvolleyvarese.it\/index.php?rest_route=\/wp\/v2\/posts\/5614\/revisions\/7027"}],"wp:featuredmedia":[{"embeddable":true,"href":"https:\/\/www.federvolleyvarese.it\/index.php?rest_route=\/wp\/v2\/media\/5615"}],"wp:attachment":[{"href":"https:\/\/www.federvolleyvarese.it\/index.php?rest_route=%2Fwp%2Fv2%2Fmedia&parent=5614"}],"wp:term":[{"taxonomy":"category","embeddable":true,"href":"https:\/\/www.federvolleyvarese.it\/index.php?rest_route=%2Fwp%2Fv2%2Fcategories&post=5614"},{"taxonomy":"post_tag","embeddable":true,"href":"https:\/\/www.federvolleyvarese.it\/index.php?rest_route=%2Fwp%2Fv2%2Ftags&post=5614"}],"curies":[{"name":"wp","href":"https:\/\/api.w.org\/{rel}","templated":true}]}}