{"id":6908,"date":"2021-11-17T18:03:15","date_gmt":"2021-11-17T17:03:15","guid":{"rendered":"https:\/\/www.federvolleyvarese.it\/?p=6908"},"modified":"2021-11-17T18:23:19","modified_gmt":"2021-11-17T17:23:19","slug":"programma-di-selezione-atlete-2008-2009-per-stagione-2021-2022","status":"publish","type":"post","link":"https:\/\/www.federvolleyvarese.it\/?p=6908","title":{"rendered":"Programma di Qualificazione atlete 2008-2009 per stagione 2021-2022"},"content":{"rendered":"<p>Programma di qualificazione atlete 2008-2009 per stagione 2021-2022<\/p>\n<p>Il C.Q.P. rende noto che ha inizio il processo selettivo femminile volto alla formazione della squadra che rappresenter\u00e0 il comitato di Varese al trofeo delle province 2021.<br \/>\nIl selezionatore sar\u00e0 il sig. Luciano Lisanti e il sig. Matteo Casoli.<br \/>\nLa prima convocazione che si terr\u00e0 marted\u00ec 14 dicembre 2021 tiene conto delle atlete segnalate dalle societ\u00e0.<br \/>\nVi invitiamo quindi a indicare i nominativi delle atlete che abbiano le caratteristiche fisico antropometriche o qualit\u00e0 tecnico-coordinative di interesse per la rappresentativa.<br \/>\nSar\u00e0 cura del responsabile tecnico o di eventuali delegati visionare le giocatrici segnalate e valutarne la convocazione ai raduni selettivi.<br \/>\nE\u2019 possibile indicare anche atlete pi\u00f9 giovani, particolarmente precoci o dotate.<\/p>\n<p>Termine per invio segnalazioni 5 Dicembre<\/p>\n<p><a href=\"https:\/\/federvolleyvarese.it\/Archivio\/Documenti\/Selezioni\/lettera per selezioni femminile 2021-2022.pdf\" target=\"_blank\" rel=\"noopener\">lettera di convocazione<\/a><\/p>\n<p><a href=\"https:\/\/federvolleyvarese.it\/Archivio\/Documenti\/Selezioni\/tabella segnalazioni atlete.doc\" target=\"_blank\" rel=\"noopener\">Modulo di segnalazione<\/a><\/p>\n","protected":false},"excerpt":{"rendered":"<p>Programma di qualificazione atlete 2008-2009 per stagione 2021-2022 Il C.Q.P. rende noto che ha inizio il processo selettivo femminile volto alla formazione della squadra che rappresenter\u00e0 il comitato di Varese al trofeo delle province 2021. Il selezionatore sar\u00e0 il sig. Luciano Lisanti e il sig. Matteo Casoli. La prima convocazione che si terr\u00e0 marted\u00ec 14 [&hellip;]<\/p>\n","protected":false},"author":1,"featured_media":3226,"comment_status":"closed","ping_status":"closed","sticky":false,"template":"","format":"standard","meta":{"footnotes":""},"categories":[4,3,48,50],"tags":[],"class_list":["post-6908","post","type-post","status-publish","format-standard","has-post-thumbnail","hentry","category-comunicati","category-news","category-qualificazioni","category-selezioni-femminili-indoor"],"_links":{"self":[{"href":"https:\/\/www.federvolleyvarese.it\/index.php?rest_route=\/wp\/v2\/posts\/6908","targetHints":{"allow":["GET"]}}],"collection":[{"href":"https:\/\/www.federvolleyvarese.it\/index.php?rest_route=\/wp\/v2\/posts"}],"about":[{"href":"https:\/\/www.federvolleyvarese.it\/index.php?rest_route=\/wp\/v2\/types\/post"}],"author":[{"embeddable":true,"href":"https:\/\/www.federvolleyvarese.it\/index.php?rest_route=\/wp\/v2\/users\/1"}],"replies":[{"embeddable":true,"href":"https:\/\/www.federvolleyvarese.it\/index.php?rest_route=%2Fwp%2Fv2%2Fcomments&post=6908"}],"version-history":[{"count":3,"href":"https:\/\/www.federvolleyvarese.it\/index.php?rest_route=\/wp\/v2\/posts\/6908\/revisions"}],"predecessor-version":[{"id":6916,"href":"https:\/\/www.federvolleyvarese.it\/index.php?rest_route=\/wp\/v2\/posts\/6908\/revisions\/6916"}],"wp:featuredmedia":[{"embeddable":true,"href":"https:\/\/www.federvolleyvarese.it\/index.php?rest_route=\/wp\/v2\/media\/3226"}],"wp:attachment":[{"href":"https:\/\/www.federvolleyvarese.it\/index.php?rest_route=%2Fwp%2Fv2%2Fmedia&parent=6908"}],"wp:term":[{"taxonomy":"category","embeddable":true,"href":"https:\/\/www.federvolleyvarese.it\/index.php?rest_route=%2Fwp%2Fv2%2Fcategories&post=6908"},{"taxonomy":"post_tag","embeddable":true,"href":"https:\/\/www.federvolleyvarese.it\/index.php?rest_route=%2Fwp%2Fv2%2Ftags&post=6908"}],"curies":[{"name":"wp","href":"https:\/\/api.w.org\/{rel}","templated":true}]}}